{"id":4617,"date":"2026-08-31T14:51:37","date_gmt":"2026-08-31T14:51:37","guid":{"rendered":"https:\/\/www.ravetllat.com\/?p=4617"},"modified":"2026-08-31T14:51:38","modified_gmt":"2026-08-31T14:51:38","slug":"conoce-a-mina-attia-regional-sales-manager","status":"publish","type":"post","link":"https:\/\/www.ravetllat.com\/es\/conoce-a-mina-attia-regional-sales-manager\/","title":{"rendered":"Conoce a Mina Attia, Regional Sales Manager"},"content":{"rendered":"\n<p>Nos complace presentar a Mina Attia, Regional Sales Director de nuestra filial de Dub\u00e1i.<\/p>\n\n\n\n<p>Con m\u00e1s de una d\u00e9cada de experiencia en el sector, Mina cuenta con un profundo conocimiento de los mercados de Oriente Medio y aporta su experiencia y energ\u00eda para ofrecer el mejor asesoramiento a nuestros clientes.<\/p>\n\n\n\n<p>Como exdeportista, Mina ha construido su trayectoria profesional sobre valores como el trabajo constante y la capacidad de rendir bajo presi\u00f3n, cualidades que siguen marcando su forma de liderar y apoyar al equipo.<\/p>\n\n\n\n<p>\u00abEl \u00e9xito nace de la disciplina, la confianza y la constancia. Estoy muy ilusionado de formar parte de la expansi\u00f3n de Ravetllat en la regi\u00f3n\u00bb, afirma Mina.<\/p>\n\n\n\n<p>Desde nuestra reci\u00e9n inaugurada oficina de Dub\u00e1i, Mina desempe\u00f1a un papel clave en el impulso de nuestra estrategia regional y en esta nueva etapa de crecimiento de la compa\u00f1\u00eda.<\/p>\n\n\n\n<div style=\"height:100px\" aria-hidden=\"true\" class=\"wp-block-spacer\"><\/div>\n\n\n\n<p><\/p>\n","protected":false},"excerpt":{"rendered":"<p>Nos complace presentar a Mina Attia, Regional Sales Director de nuestra filial de Dub\u00e1i. [&hellip;]<\/p>\n","protected":false},"author":3,"featured_media":4619,"comment_status":"closed","ping_status":"open","sticky":false,"template":"","format":"standard","meta":{"footnotes":""},"categories":[1],"tags":[],"class_list":["post-4617","post","type-post","status-publish","format-standard","has-post-thumbnail","hentry","category-sin-categorizar"],"_links":{"self":[{"href":"https:\/\/www.ravetllat.com\/es\/wp-json\/wp\/v2\/posts\/4617","targetHints":{"allow":["GET"]}}],"collection":[{"href":"https:\/\/www.ravetllat.com\/es\/wp-json\/wp\/v2\/posts"}],"about":[{"href":"https:\/\/www.ravetllat.com\/es\/wp-json\/wp\/v2\/types\/post"}],"author":[{"embeddable":true,"href":"https:\/\/www.ravetllat.com\/es\/wp-json\/wp\/v2\/users\/3"}],"replies":[{"embeddable":true,"href":"https:\/\/www.ravetllat.com\/es\/wp-json\/wp\/v2\/comments?post=4617"}],"version-history":[{"count":3,"href":"https:\/\/www.ravetllat.com\/es\/wp-json\/wp\/v2\/posts\/4617\/revisions"}],"predecessor-version":[{"id":4627,"href":"https:\/\/www.ravetllat.com\/es\/wp-json\/wp\/v2\/posts\/4617\/revisions\/4627"}],"wp:featuredmedia":[{"embeddable":true,"href":"https:\/\/www.ravetllat.com\/es\/wp-json\/wp\/v2\/media\/4619"}],"wp:attachment":[{"href":"https:\/\/www.ravetllat.com\/es\/wp-json\/wp\/v2\/media?parent=4617"}],"wp:term":[{"taxonomy":"category","embeddable":true,"href":"https:\/\/www.ravetllat.com\/es\/wp-json\/wp\/v2\/categories?post=4617"},{"taxonomy":"post_tag","embeddable":true,"href":"https:\/\/www.ravetllat.com\/es\/wp-json\/wp\/v2\/tags?post=4617"}],"curies":[{"name":"wp","href":"https:\/\/api.w.org\/{rel}","templated":true}]}}