{"id":3673,"date":"2025-02-04T10:53:08","date_gmt":"2025-02-04T10:53:08","guid":{"rendered":"https:\/\/www.ravetllat.com\/?p=3673"},"modified":"2025-02-04T10:59:31","modified_gmt":"2025-02-04T10:59:31","slug":"conoce-a-silvia-ravetllat-ceo-en-ravetllat-aromatics","status":"publish","type":"post","link":"https:\/\/www.ravetllat.com\/es\/conoce-a-silvia-ravetllat-ceo-en-ravetllat-aromatics\/","title":{"rendered":"Conoce a Silvia Ravetllat, CEO en Ravetllat Aromatics"},"content":{"rendered":"\n<p class=\"has-medium-font-size\">Hoy tenemos el placer de entrevistar a Silvia Ravetllat, CEO y tercera generaci\u00f3n en gestionar Ravetllat Aromatics.<br>Silvia ha estado inmersa en el mundo de las fragancias y los aromas desde muy joven, aprendiendo el oficio directamente de su padre, el reconocido Ernest Ravetllat.<br>En estas l\u00edneas, comparte su experiencia y el legado familiar, c\u00f3mo ha evolucionado la industria a lo largo de los a\u00f1os y los ambiciosos objetivos que tiene por delante la empresa.<br><br>\u00a1Descubre su historia y qu\u00e9 hace que Ravetllat Aromatics algo \u00fanico!<\/p>\n\n\n\n<p class=\"has-medium-font-size\"><\/p>\n\n\n\n<p><br><strong>\u00bfQu\u00e9 ha significado el mundo de las fragancias y los aromas para la familia Ravetllat?<\/strong><\/p>\n\n\n\n<p>Desde que era ni\u00f1a, recuerdo que mi padre ten\u00eda una obsesi\u00f3n especial con los olores. Lo ve\u00eda intentar capturar y describir el aroma de objetos cotidianos como libros, plantas o comidas. Con el tiempo, comprend\u00ed que esto no era solo su trabajo, sino su pasi\u00f3n.<br>Tambi\u00e9n recuerdo que mi hermana y yo pod\u00edamos saber cu\u00e1ndo mi padre estaba en casa solo por la fragancia que dejaba al cruzar la puerta.<br><br>Siempre me fascinaba cuando me llevaba a visitar la f\u00e1brica y los laboratorios. Se sent\u00eda como entrar en un laboratorio de alquimia. Hab\u00eda f\u00f3rmulas escritas a mano en peque\u00f1os cuadernos y estantes interminables repletos de diminutos frascos con todo tipo de aceites esenciales.<br>En ese momento, ten\u00eda una gran curiosidad por descubrir cada uno de los aromas atrapados en esos frascos. Me parec\u00eda un mundo incre\u00edblemente cautivador y, a veces, abrumador por su complejidad y riqueza.<\/p>\n\n\n\n<p><br><strong>\u00bfC\u00f3mo ha evolucionado la empresa con las diferentes generaciones?<\/strong><\/p>\n\n\n\n<p>La evoluci\u00f3n de nuestra empresa ha sido realmente fascinante. Todo comenz\u00f3 en 1932, cuando mi abuelo, Josep Ravetllat, empez\u00f3 a trabajar en Barcelona como agente de Givaudan.<br>A\u00f1os despu\u00e9s, mi padre, Ernesto Ravetllat, se asoci\u00f3 con su hermano, Jorge, y asumieron la tit\u00e1nica tarea de transformar un negocio de distribuci\u00f3n en una empresa de desarrollo y fabricaci\u00f3n completamente independiente.<br><br>Se enfrentaron a enormes desaf\u00edos, ya que contaban con recursos limitados y, en ese momento, tambi\u00e9n ten\u00edan un acceso restringido al conocimiento de formulaci\u00f3n. Sin embargo, su incre\u00edble intuici\u00f3n, determinaci\u00f3n y arduo trabajo los llevaron a seguir adelante. Lograron construir una empresa estable con un crecimiento sostenido, generando empleos esenciales y estableciendo relaciones a largo plazo con clientes y proveedores, muchos de los cuales se convirtieron en amigos de por vida.<br><br>Cuando me un\u00ed al negocio en 1994, ten\u00eda un solo objetivo en mente: llevar la empresa al siguiente nivel modernizando sus sistemas e infraestructura. Una de mis primeras prioridades fue informatizar nuestros procesos, desde la formulaci\u00f3n y la producci\u00f3n hasta la gesti\u00f3n de pedidos. Esto no solo increment\u00f3 nuestra capacidad de producci\u00f3n, sino que tambi\u00e9n nos hizo mucho m\u00e1s eficientes.<br>Recientemente, mi hija Andrea, la cuarta generaci\u00f3n ya, contin\u00faa este proceso de transformaci\u00f3n digital, impulsando a la compa\u00f1\u00eda hacia el futuro.<br>Hoy, Ravetllat Aromatics cuenta con instalaciones de producci\u00f3n de \u00faltima generaci\u00f3n y unos procesos muy optimizados. Somos reconocidos por nuestra adaptaci\u00f3n y flexibilidad, lo que nos permite seguir expandi\u00e9ndonos hacia nuevos mercados a nivel global.<\/p>\n\n\n\n<p><\/p>\n\n\n\n<figure class=\"wp-block-image size-full\"><img loading=\"lazy\" decoding=\"async\" width=\"600\" height=\"326\" src=\"https:\/\/www.ravetllat.com\/wp-content\/uploads\/2025\/02\/silvia-rvt-1024x768_03.jpg\" alt=\"\" class=\"wp-image-3690\" srcset=\"https:\/\/www.ravetllat.com\/wp-content\/uploads\/2025\/02\/silvia-rvt-1024x768_03.jpg 600w, https:\/\/www.ravetllat.com\/wp-content\/uploads\/2025\/02\/silvia-rvt-1024x768_03-300x163.jpg 300w\" sizes=\"auto, (max-width: 600px) 100vw, 600px\" \/><\/figure>\n\n\n\n<p><br><strong><strong>\u00bfC\u00f3mo ha cambiado la industria a lo largo de los a\u00f1os?<\/strong><\/strong><\/p>\n\n\n\n<p>La industria de las fragancias y los sabores ha evolucionado enormemente en las \u00faltimas d\u00e9cadas.<br>Lo que sol\u00eda ser un trabajo altamente creativo, basado exclusivamente en la inspiraci\u00f3n del perfumista y la experimentaci\u00f3n sensorial, se ha convertido en un campo profundamente t\u00e9cnico y altamente regulado. La tecnolog\u00eda ha revolucionado por completo el proceso de formulaci\u00f3n, permitiendo un nivel de precisi\u00f3n, innovaci\u00f3n y velocidad que antes era impensable.<br><br>Hoy en d\u00eda, mantenerse al d\u00eda con las \u00faltimas tecnolog\u00edas, as\u00ed como con una legislaci\u00f3n en constante cambio, es clave para seguir estando presente en la industria.<\/p>\n\n\n\n<p><br><strong><strong>\u00bfQu\u00e9 proyectos de crecimiento le emocionan m\u00e1s para Ravetllat Aromatics?<\/strong><\/strong><\/p>\n\n\n\n<p>Me entusiasma ver c\u00f3mo nuestra empresa logra cada vez m\u00e1s presencia en mercados altamente exigentes y cambiantes a nivel global.<br>Hemos dado grandes pasos en los \u00faltimos a\u00f1os, superando desaf\u00edos que antes parec\u00edan inalcanzables, gracias a inversiones continuas en producci\u00f3n, investigaci\u00f3n y desarrollo, y personal cualificado.<br><br>Me enorgullece ver que podemos expandirnos y evolucionar sin perder nuestra esencia. A pesar del r\u00e1pido crecimiento y los cambios de los \u00faltimos a\u00f1os, hemos preservado lo que nos ha hecho \u00fanicos durante m\u00e1s de nueve d\u00e9cadas: flexibilidad, adaptabilidad y nuestro compromiso con la calidad.<\/p>\n\n\n\n<p><br><strong><strong>\u00bfQu\u00e9 distingue a Ravetllat Aromatics en la industria?<\/strong><\/strong><\/p>\n\n\n\n<p>Uno de nuestros mayores logros ha sido crear un estilo distintivo: una marca y una forma de trabajar que nuestros clientes no solo valoran y sino en la que conf\u00edan. No se trata solo de lo que hacemos, sino de c\u00f3mo lo hacemos.<br><br>En los \u00faltimos a\u00f1os, hemos experimentado un crecimiento importante, pero hemos sido cuidadosos en preservar las cualidades que definen nuestro ADN. La calidad, el dise\u00f1o y el servicio son innegociables en todo lo que desarrollamos, y ese compromiso es algo que nuestros clientes aprecian enormemente.<\/p>\n\n\n\n<p><br><strong><strong><strong>Si Ravetllat Aromatics fuera un perfume, \u00bfc\u00f3mo lo describir\u00edas?<\/strong><\/strong><\/strong><\/p>\n\n\n\n<p>Ser\u00eda una fragancia cl\u00e1sica que cuenta una historia de herencia y evoluci\u00f3n: un equilibrio entre tradici\u00f3n y modernidad.<br>Tendr\u00eda notas de fondo amaderadas y terrosas, reflejando la profundidad de nuestro legado, experiencia y conocimiento del sector.<br>Al mismo tiempo, contendr\u00eda notas de salida vibrantes y frescas, encarnando el esp\u00edritu joven y din\u00e1mico que nos define hoy y que impulsa nuestra evoluci\u00f3n.<br>Como perfume, Ravetllat Aromatics ser\u00eda una fragancia que revela notas sorprendentes y complejas con el tiempo, siempre manteniendo esa potencia y persistencia.<\/p>\n\n\n\n<div style=\"height:80px\" aria-hidden=\"true\" class=\"wp-block-spacer\"><\/div>\n","protected":false},"excerpt":{"rendered":"<p>Hoy tenemos el placer de entrevistar a Silvia Ravetllat, CEO y tercera generaci\u00f3n en [&hellip;]<\/p>\n","protected":false},"author":3,"featured_media":3675,"comment_status":"open","ping_status":"open","sticky":false,"template":"","format":"standard","meta":{"footnotes":""},"categories":[1,2],"tags":[],"class_list":["post-3673","post","type-post","status-publish","format-standard","has-post-thumbnail","hentry","category-sin-categorizar","category-uncategorized"],"_links":{"self":[{"href":"https:\/\/www.ravetllat.com\/es\/wp-json\/wp\/v2\/posts\/3673","targetHints":{"allow":["GET"]}}],"collection":[{"href":"https:\/\/www.ravetllat.com\/es\/wp-json\/wp\/v2\/posts"}],"about":[{"href":"https:\/\/www.ravetllat.com\/es\/wp-json\/wp\/v2\/types\/post"}],"author":[{"embeddable":true,"href":"https:\/\/www.ravetllat.com\/es\/wp-json\/wp\/v2\/users\/3"}],"replies":[{"embeddable":true,"href":"https:\/\/www.ravetllat.com\/es\/wp-json\/wp\/v2\/comments?post=3673"}],"version-history":[{"count":10,"href":"https:\/\/www.ravetllat.com\/es\/wp-json\/wp\/v2\/posts\/3673\/revisions"}],"predecessor-version":[{"id":3700,"href":"https:\/\/www.ravetllat.com\/es\/wp-json\/wp\/v2\/posts\/3673\/revisions\/3700"}],"wp:featuredmedia":[{"embeddable":true,"href":"https:\/\/www.ravetllat.com\/es\/wp-json\/wp\/v2\/media\/3675"}],"wp:attachment":[{"href":"https:\/\/www.ravetllat.com\/es\/wp-json\/wp\/v2\/media?parent=3673"}],"wp:term":[{"taxonomy":"category","embeddable":true,"href":"https:\/\/www.ravetllat.com\/es\/wp-json\/wp\/v2\/categories?post=3673"},{"taxonomy":"post_tag","embeddable":true,"href":"https:\/\/www.ravetllat.com\/es\/wp-json\/wp\/v2\/tags?post=3673"}],"curies":[{"name":"wp","href":"https:\/\/api.w.org\/{rel}","templated":true}]}}